{"id":506,"date":"2024-03-01T16:37:42","date_gmt":"2024-03-01T13:37:42","guid":{"rendered":"https:\/\/www.popularos.com\/blog\/?p=506"},"modified":"2025-08-06T12:05:40","modified_gmt":"2025-08-06T09:05:40","slug":"como-excluir-o-facebook","status":"publish","type":"post","link":"https:\/\/www.popularos.com\/blog\/como-excluir-o-facebook\/","title":{"rendered":"Como Excluir a Conta do Facebook Definitivamente"},"content":{"rendered":"\n<div style=\"\n  background-color: #f3f0ff;\n  border-radius: 16px;\n  padding: 20px;\n  margin: 1em 0;\n  box-sizing: border-box;\n  max-width: 100%;\n\">\n  <h2 style=\"\n    color: #9381ff;\n    font-size: 1.3em;\n    margin: 0 0 10px 0;\n    font-family: Arial, sans-serif;\n  \">Resumo r\u00e1pido:<\/h2>\n  <ul style=\"\n    color: #333333;\n    font-size: 1em;\n    line-height: 1.6;\n    margin: 0;\n    padding-left: 1.2em;\n    font-family: Arial, sans-serif;\n  \">\n    <li>A exclus\u00e3o da conta do Facebook pode ser feita pelo app ou navegador, de forma r\u00e1pida e definitiva.<\/li>\n    <li>O processo passa por \u201cCentral de Contas\u201d \u2192 \u201cDados pessoais\u201d \u2192 \u201cExcluir conta\u201d.<\/li>\n    <li>Ap\u00f3s iniciar a exclus\u00e3o, o usu\u00e1rio tem 30 dias para cancelar antes da remo\u00e7\u00e3o permanente.<\/li>\n    <li>O Messenger tamb\u00e9m \u00e9 desativado junto com o Facebook.<\/li>\n    <li>\u00c9 poss\u00edvel baixar todos os dados antes de excluir, como fotos, mensagens e publica\u00e7\u00f5es.<\/li>\n    <li>Desativar \u00e9 tempor\u00e1rio; excluir \u00e9 permanente e irrevers\u00edvel.<\/li>\n  <\/ul>\n<\/div>\n\n\n\n<p>Excluir sua conta do Facebook \u00e9 uma decis\u00e3o que pode trazer mais controle sobre sua privacidade digital e bem-estar online. Seja para reduzir o tempo gasto nas redes sociais ou para encerrar de vez um perfil antigo, o processo \u00e9 simples e pode ser feito em poucos minutos. A seguir, veja um passo a passo completo para apagar sua conta definitivamente, come\u00e7ando pelo celular.<\/p>\n\n\n\n<h2 class=\"wp-block-heading\">Como excluir a conta do Facebook pelo celular<\/h2>\n\n\n\n<p>No celular, \u00e9 poss\u00edvel excluir sua conta diretamente pelo app do Facebook ou pela Central de Contas da Meta. O processo leva poucos minutos e pode ser feito tanto em dispositivos Android quanto iOS.<\/p>\n\n\n\n<h3 class=\"wp-block-heading\">Acesse as configura\u00e7\u00f5es do aplicativo<\/h3>\n\n\n\n<p>Abra o aplicativo do Facebook e toque no \u00edcone do menu (geralmente localizado no canto superior direito da tela). Em seguida, deslize para baixo at\u00e9 encontrar a op\u00e7\u00e3o <strong>\u201cConfigura\u00e7\u00f5es e privacidade\u201d<\/strong> e toque em <strong>\u201cConfigura\u00e7\u00f5es\u201d<\/strong>.<\/p>\n\n\n\n<h3 class=\"wp-block-heading\">V\u00e1 at\u00e9 \u201cCentral de Contas\u201d da Meta<\/h3>\n\n\n\n<p>Dentro das configura\u00e7\u00f5es, voc\u00ea ver\u00e1 a se\u00e7\u00e3o <strong>\u201cCentral de Contas\u201d<\/strong>, que re\u00fane informa\u00e7\u00f5es das contas vinculadas como Facebook e Instagram. Toque para acessar.<\/p>\n\n\n\n<h3 class=\"wp-block-heading\">Escolha \u201cDados pessoais\u201d e \u201cControle da conta\u201d<\/h3>\n\n\n<div class=\"wp-block-image\">\n<figure class=\"aligncenter size-full\"><img loading=\"lazy\" decoding=\"async\" width=\"960\" height=\"480\" src=\"https:\/\/www.popularos.com\/blog\/wp-content\/uploads\/2024\/03\/escolha-dados-pessoais.png\" alt=\"Escolha \u201cDados pessoais\u201d\" class=\"wp-image-1027\" srcset=\"https:\/\/www.popularos.com\/blog\/wp-content\/uploads\/2024\/03\/escolha-dados-pessoais.png 960w, https:\/\/www.popularos.com\/blog\/wp-content\/uploads\/2024\/03\/escolha-dados-pessoais-768x384.png 768w\" sizes=\"auto, (max-width: 960px) 100vw, 960px\" \/><\/figure>\n<\/div>\n\n\n<p>Na Central de Contas, entre na op\u00e7\u00e3o <strong>\u201cDados pessoais\u201d<\/strong>. Em seguida, toque em <strong>\u201cPropriedade e controle da conta\u201d<\/strong>, onde voc\u00ea poder\u00e1 gerenciar a desativa\u00e7\u00e3o ou exclus\u00e3o de perfis.<\/p>\n\n\n\n<h3 class=\"wp-block-heading\">Toque em \u201cDesativa\u00e7\u00e3o ou exclus\u00e3o\u201d<\/h3>\n\n\n<div class=\"wp-block-image\">\n<figure class=\"aligncenter size-full\"><img loading=\"lazy\" decoding=\"async\" width=\"960\" height=\"480\" src=\"https:\/\/www.popularos.com\/blog\/wp-content\/uploads\/2024\/03\/toque-em-desativacao-ou-exclusao.png\" alt=\"Toque em \u201cDesativa\u00e7\u00e3o ou exclus\u00e3o\u201d\" class=\"wp-image-1028\" srcset=\"https:\/\/www.popularos.com\/blog\/wp-content\/uploads\/2024\/03\/toque-em-desativacao-ou-exclusao.png 960w, https:\/\/www.popularos.com\/blog\/wp-content\/uploads\/2024\/03\/toque-em-desativacao-ou-exclusao-768x384.png 768w\" sizes=\"auto, (max-width: 960px) 100vw, 960px\" \/><\/figure>\n<\/div>\n\n\n<p>A pr\u00f3xima etapa \u00e9 selecionar <strong>\u201cDesativa\u00e7\u00e3o ou exclus\u00e3o\u201d<\/strong>. Essa \u00e9 a \u00e1rea onde voc\u00ea poder\u00e1 desativar temporariamente sua conta ou optar pela exclus\u00e3o definitiva.<\/p>\n\n\n\n<h3 class=\"wp-block-heading\">Selecione a conta e toque em \u201cExcluir conta\u201d<\/h3>\n\n\n\n<p>Escolha o perfil que deseja apagar, marque a op\u00e7\u00e3o <strong>\u201cExcluir conta\u201d<\/strong> e toque em <strong>\u201cContinuar\u201d<\/strong>. O Facebook poder\u00e1 solicitar sua senha e exibir algumas mensagens de confirma\u00e7\u00e3o antes de prosseguir com a exclus\u00e3o.<\/p>\n\n\n\n<h2 class=\"wp-block-heading\">Como excluir sua conta do Facebook pelo computador<\/h2>\n\n\n\n<p>Se voc\u00ea prefere usar o computador para gerenciar sua conta, tamb\u00e9m \u00e9 poss\u00edvel excluir o Facebook de forma definitiva pelo navegador. O processo \u00e9 direto e bastante parecido com o que \u00e9 feito no celular, mas com pequenas varia\u00e7\u00f5es visuais na interface. A seguir, veja o passo a passo completo.<\/p>\n\n\n\n<h3 class=\"wp-block-heading\">Acesse o site oficial do Facebook e fa\u00e7a login<\/h3>\n\n\n\n<p>Abra o navegador e entre no site <a href=\"https:\/\/www.facebook.com\/\" target=\"_blank\" rel=\"noopener\">facebook.com<\/a>. Fa\u00e7a login com o e-mail e a senha da conta que deseja excluir. Certifique-se de estar acessando o perfil correto antes de prosseguir com as etapas seguintes.<\/p>\n\n\n\n<h3 class=\"wp-block-heading\">Clique na seta do menu superior<\/h3>\n\n\n\n<p>No canto superior direito da tela, clique no \u00edcone de seta para baixo. Esse bot\u00e3o abre o menu principal com op\u00e7\u00f5es de gerenciamento de conta, configura\u00e7\u00f5es e privacidade.<\/p>\n\n\n\n<h3 class=\"wp-block-heading\">V\u00e1 at\u00e9 \u201cConfigura\u00e7\u00f5es e privacidade\u201d<\/h3>\n\n\n\n<p>Ap\u00f3s abrir o menu, clique em <strong>\u201cConfigura\u00e7\u00f5es e privacidade\u201d<\/strong> e, em seguida, em <strong>\u201cConfigura\u00e7\u00f5es\u201d<\/strong>. Isso levar\u00e1 voc\u00ea \u00e0 \u00e1rea principal de ajustes da sua conta.<\/p>\n\n\n\n<h3 class=\"wp-block-heading\">Acesse \u201cSuas informa\u00e7\u00f5es no Facebook\u201d<\/h3>\n\n\n\n<p>Dentro da \u00e1rea de configura\u00e7\u00f5es, selecione a aba <strong>\u201cSuas informa\u00e7\u00f5es no Facebook\u201d<\/strong> localizada no menu lateral esquerdo. Nessa se\u00e7\u00e3o, voc\u00ea poder\u00e1 acessar e gerenciar os dados da sua conta.<\/p>\n\n\n\n<h3 class=\"wp-block-heading\">Escolha \u201cDesativa\u00e7\u00e3o e exclus\u00e3o\u201d e confirme<\/h3>\n\n\n\n<p>Clique em <strong>\u201cDesativa\u00e7\u00e3o e exclus\u00e3o\u201d<\/strong> e depois selecione <strong>\u201cExcluir conta permanentemente\u201d<\/strong>. Em seguida, clique em <strong>\u201cContinuar para exclus\u00e3o da conta\u201d<\/strong>, revise as informa\u00e7\u00f5es e confirme sua escolha. O Facebook poder\u00e1 solicitar sua senha e informar sobre o prazo para reverter a decis\u00e3o, caso mude de ideia.<\/p>\n\n\n\n<h2 class=\"wp-block-heading\">O que acontece quando voc\u00ea exclui sua conta do Facebook?<\/h2>\n\n\n\n<p>Antes de seguir com a exclus\u00e3o definitiva, \u00e9 importante entender o que realmente acontece com seus dados, mensagens e acesso a outras funcionalidades. Essa decis\u00e3o \u00e9 irrevers\u00edvel ap\u00f3s certo per\u00edodo, ent\u00e3o vale esclarecer os impactos que ela traz.<\/p>\n\n\n\n<h3 class=\"wp-block-heading\">Seus dados s\u00e3o apagados permanentemente?<\/h3>\n\n\n\n<p>Sim. Ao excluir sua conta do Facebook, a plataforma inicia um processo de exclus\u00e3o permanente de todas as suas informa\u00e7\u00f5es, incluindo publica\u00e7\u00f5es, fotos, coment\u00e1rios e <a href=\"https:\/\/www.popularos.com\/comprar-curtidas-facebook\" target=\"_blank\" rel=\"noopener\">curtidas como prova social eficaz<\/a>. No entanto, o Facebook informa que esse processo pode levar at\u00e9 90 dias para ser conclu\u00eddo. Durante esse tempo, os dados ficam inacess\u00edveis e s\u00e3o removidos gradualmente dos servidores.<\/p>\n\n\n\n<p>Vale lembrar que algumas informa\u00e7\u00f5es, como mensagens enviadas a outras pessoas, podem continuar vis\u00edveis para os destinat\u00e1rios, mesmo ap\u00f3s a exclus\u00e3o da conta.<\/p>\n\n\n\n<h3 class=\"wp-block-heading\">\u00c9 poss\u00edvel recuperar a conta depois?<\/h3>\n\n\n\n<p>Sim, mas apenas dentro de um prazo curto. Ap\u00f3s iniciar o processo de exclus\u00e3o, voc\u00ea tem at\u00e9 <strong>30 dias<\/strong> para cancelar a solicita\u00e7\u00e3o e reativar sua conta normalmente. Basta fazer login novamente e confirmar que deseja interromper a exclus\u00e3o.<\/p>\n\n\n\n<p>Depois desse prazo, a conta ser\u00e1 exclu\u00edda permanentemente, sem possibilidade de recupera\u00e7\u00e3o.<\/p>\n\n\n\n<h3 class=\"wp-block-heading\">O Messenger tamb\u00e9m \u00e9 exclu\u00eddo?<\/h3>\n\n\n\n<p>Sim. Ao excluir a conta do Facebook, o <strong>Messenger<\/strong> tamb\u00e9m deixa de funcionar automaticamente, j\u00e1 que o servi\u00e7o est\u00e1 vinculado ao perfil principal. Isso significa que voc\u00ea n\u00e3o poder\u00e1 mais enviar ou receber mensagens por meio do aplicativo.<\/p>\n\n\n\n<p>Se deseja manter o Messenger ativo, a \u00fanica alternativa \u00e9 <strong>desativar a conta<\/strong> em vez de exclu\u00ed-la. A desativa\u00e7\u00e3o suspende o perfil, mas permite o uso do chat normalmente.<\/p>\n\n\n\n<h2 class=\"wp-block-heading\">Qual a diferen\u00e7a entre desativar e excluir a conta?<\/h2>\n\n\n\n<p>Antes de tomar uma decis\u00e3o definitiva, \u00e9 importante entender as diferen\u00e7as entre desativar e excluir a conta do Facebook. Embora os dois caminhos envolvam um afastamento da plataforma, as consequ\u00eancias s\u00e3o distintas e impactam o acesso \u00e0s informa\u00e7\u00f5es, intera\u00e7\u00f5es e funcionalidades do servi\u00e7o.<\/p>\n\n\n\n<h3 class=\"wp-block-heading\">Desativa\u00e7\u00e3o \u00e9 tempor\u00e1ria<\/h3>\n\n\n\n<p>A desativa\u00e7\u00e3o permite que o usu\u00e1rio saia da rede social sem perder seus dados. Ao desativar a conta, o perfil fica invis\u00edvel para outras pessoas, mas as informa\u00e7\u00f5es continuam armazenadas nos servidores do Facebook. As mensagens enviadas permanecem acess\u00edveis aos destinat\u00e1rios, e o Messenger ainda pode ser usado normalmente, se desejado.<\/p>\n\n\n\n<p>Essa \u00e9 uma boa alternativa para quem deseja fazer uma pausa nas redes sociais sem se desfazer completamente do hist\u00f3rico e das conex\u00f5es criadas.<\/p>\n\n\n\n<h3 class=\"wp-block-heading\">Exclus\u00e3o \u00e9 permanente e irrevers\u00edvel<\/h3>\n\n\n\n<p>A exclus\u00e3o representa um encerramento definitivo da conta. Todos os dados do usu\u00e1rio, como postagens, fotos, curtidas e coment\u00e1rios, s\u00e3o removidos permanentemente ap\u00f3s o per\u00edodo de car\u00eancia (geralmente 30 dias). Depois desse prazo, n\u00e3o \u00e9 mais poss\u00edvel recuperar o perfil nem as informa\u00e7\u00f5es associadas.<\/p>\n\n\n\n<p>Al\u00e9m disso, funcionalidades que utilizam o Facebook como login em outros sites ou aplicativos tamb\u00e9m deixam de funcionar.<\/p>\n\n\n\n<h3 class=\"wp-block-heading\">Qual escolher em cada situa\u00e7\u00e3o<\/h3>\n\n\n\n<p>Se a inten\u00e7\u00e3o for apenas se afastar temporariamente da plataforma, a desativa\u00e7\u00e3o costuma ser suficiente. No entanto, se a decis\u00e3o for eliminar totalmente a presen\u00e7a no Facebook, por motivos como privacidade ou foco, a exclus\u00e3o completa \u00e9 a melhor escolha.<\/p>\n\n\n\n<h2 class=\"wp-block-heading\">Como baixar suas informa\u00e7\u00f5es antes de excluir a conta<\/h2>\n\n\n\n<p>Antes de excluir sua conta do Facebook, \u00e9 altamente recomendado salvar uma c\u00f3pia dos seus dados. Isso garante que voc\u00ea tenha acesso a fotos, v\u00eddeos, mensagens e outras informa\u00e7\u00f5es importantes que foram acumuladas ao longo do tempo. Mesmo que sua decis\u00e3o seja definitiva, \u00e9 poss\u00edvel manter o registro da sua atividade na plataforma.<\/p>\n\n\n\n<h3 class=\"wp-block-heading\">Onde encontrar a op\u00e7\u00e3o de download<\/h3>\n\n\n\n<p>Para iniciar o processo, acesse as <strong>Configura\u00e7\u00f5es<\/strong> do Facebook, v\u00e1 at\u00e9 a se\u00e7\u00e3o <strong>&#8220;Suas informa\u00e7\u00f5es no Facebook&#8221;<\/strong> e clique em <strong>&#8220;Baixar suas informa\u00e7\u00f5es&#8221;<\/strong>. Nessa \u00e1rea, \u00e9 poss\u00edvel escolher exatamente quais dados deseja incluir no arquivo de backup.<\/p>\n\n\n\n<h3 class=\"wp-block-heading\">Quais dados podem ser salvos?<\/h3>\n\n\n\n<p>Voc\u00ea pode selecionar uma ampla variedade de dados, como:<\/p>\n\n\n\n<ul class=\"wp-block-list\">\n<li>Publica\u00e7\u00f5es e fotos enviadas<\/li>\n\n\n\n<li>Coment\u00e1rios e curtidas feitas<\/li>\n\n\n\n<li>Amigos adicionados<\/li>\n\n\n\n<li>Mensagens enviadas e recebidas<\/li>\n\n\n\n<li>Informa\u00e7\u00f5es do perfil e eventos<\/li>\n<\/ul>\n\n\n\n<p>Essa sele\u00e7\u00e3o \u00e9 \u00fatil n\u00e3o apenas para guardar mem\u00f3rias, mas tamb\u00e9m para manter registros de intera\u00e7\u00f5es importantes realizadas na plataforma.<\/p>\n\n\n\n<h3 class=\"wp-block-heading\">Como fazer backup de fotos, v\u00eddeos e mensagens<\/h3>\n\n\n\n<p>Para garantir a seguran\u00e7a do seu material visual e conversas, marque as op\u00e7\u00f5es correspondentes na tela de sele\u00e7\u00e3o e defina o formato e qualidade dos arquivos. Ap\u00f3s confirmar, o Facebook ir\u00e1 gerar um arquivo para download. Voc\u00ea ser\u00e1 notificado assim que estiver dispon\u00edvel.<\/p>\n","protected":false},"excerpt":{"rendered":"<p>Resumo r\u00e1pido: A exclus\u00e3o da conta do Facebook pode ser feita pelo app ou navegador, de forma r\u00e1pida e definitiva. O processo passa por \u201cCentral de Contas\u201d \u2192 \u201cDados pessoais\u201d \u2192 \u201cExcluir conta\u201d. Ap\u00f3s iniciar a exclus\u00e3o, o usu\u00e1rio tem 30 dias para cancelar antes da remo\u00e7\u00e3o permanente. O Messenger [&hellip;]<\/p>\n","protected":false},"author":5,"featured_media":517,"comment_status":"open","ping_status":"open","sticky":false,"template":"","format":"standard","meta":{"footnotes":""},"categories":[3],"tags":[],"class_list":["post-506","post","type-post","status-publish","format-standard","has-post-thumbnail","hentry","category-suporte-do-facebook","entry"],"yoast_head":"<!-- This site is optimized with the Yoast SEO plugin v23.9 - https:\/\/yoast.com\/wordpress\/plugins\/seo\/ -->\n<title>Como excluir a conta do Facebook definitivamente (passo a passo)<\/title>\n<meta name=\"description\" content=\"Veja como apagar sua conta do Facebook definitivamente, baixe seus dados e entenda o que acontece ap\u00f3s a exclus\u00e3o do perfil.\" \/>\n<meta name=\"robots\" content=\"index, follow, max-snippet:-1, max-image-preview:large, max-video-preview:-1\" \/>\n<link rel=\"canonical\" href=\"https:\/\/www.popularos.com\/blog\/como-excluir-o-facebook\/\" \/>\n<meta property=\"og:locale\" content=\"pt_BR\" \/>\n<meta property=\"og:type\" content=\"article\" \/>\n<meta property=\"og:title\" content=\"Como excluir a conta do Facebook definitivamente (passo a passo)\" \/>\n<meta property=\"og:description\" content=\"Veja como apagar sua conta do Facebook definitivamente, baixe seus dados e entenda o que acontece ap\u00f3s a exclus\u00e3o do perfil.\" \/>\n<meta property=\"og:url\" content=\"https:\/\/www.popularos.com\/blog\/como-excluir-o-facebook\/\" \/>\n<meta property=\"og:site_name\" content=\"Popularos\" \/>\n<meta property=\"article:published_time\" content=\"2024-03-01T13:37:42+00:00\" \/>\n<meta property=\"article:modified_time\" content=\"2025-08-06T09:05:40+00:00\" \/>\n<meta property=\"og:image\" content=\"https:\/\/www.popularos.com\/blog\/wp-content\/uploads\/2024\/02\/como-desativar-e-excluir-uma-conta-do-facebook.jpg\" \/>\n\t<meta property=\"og:image:width\" content=\"1248\" \/>\n\t<meta property=\"og:image:height\" content=\"832\" \/>\n\t<meta property=\"og:image:type\" content=\"image\/jpeg\" \/>\n<meta name=\"author\" content=\"Bruno Ferreira\" \/>\n<meta name=\"twitter:card\" content=\"summary_large_image\" \/>\n<meta name=\"twitter:label1\" content=\"Escrito por\" \/>\n\t<meta name=\"twitter:data1\" content=\"Bruno Ferreira\" \/>\n\t<meta name=\"twitter:label2\" content=\"Est. tempo de leitura\" \/>\n\t<meta name=\"twitter:data2\" content=\"8 minutos\" \/>\n<script type=\"application\/ld+json\" class=\"yoast-schema-graph\">{\"@context\":\"https:\/\/schema.org\",\"@graph\":[{\"@type\":\"Article\",\"@id\":\"https:\/\/www.popularos.com\/blog\/como-excluir-o-facebook\/#article\",\"isPartOf\":{\"@id\":\"https:\/\/www.popularos.com\/blog\/como-excluir-o-facebook\/\"},\"author\":{\"name\":\"Bruno Ferreira\",\"@id\":\"https:\/\/www.popularos.com\/blog\/#\/schema\/person\/0bbff7489d40f8f6baf8db25335f7f4c\"},\"headline\":\"Como Excluir a Conta do Facebook Definitivamente\",\"datePublished\":\"2024-03-01T13:37:42+00:00\",\"dateModified\":\"2025-08-06T09:05:40+00:00\",\"mainEntityOfPage\":{\"@id\":\"https:\/\/www.popularos.com\/blog\/como-excluir-o-facebook\/\"},\"wordCount\":1456,\"commentCount\":0,\"publisher\":{\"@id\":\"https:\/\/www.popularos.com\/blog\/#organization\"},\"image\":{\"@id\":\"https:\/\/www.popularos.com\/blog\/como-excluir-o-facebook\/#primaryimage\"},\"thumbnailUrl\":\"https:\/\/www.popularos.com\/blog\/wp-content\/uploads\/2024\/02\/como-desativar-e-excluir-uma-conta-do-facebook.jpg\",\"articleSection\":[\"Suporte do Facebook\"],\"inLanguage\":\"pt-BR\",\"potentialAction\":[{\"@type\":\"CommentAction\",\"name\":\"Comment\",\"target\":[\"https:\/\/www.popularos.com\/blog\/como-excluir-o-facebook\/#respond\"]}]},{\"@type\":\"WebPage\",\"@id\":\"https:\/\/www.popularos.com\/blog\/como-excluir-o-facebook\/\",\"url\":\"https:\/\/www.popularos.com\/blog\/como-excluir-o-facebook\/\",\"name\":\"Como excluir a conta do Facebook definitivamente (passo a passo)\",\"isPartOf\":{\"@id\":\"https:\/\/www.popularos.com\/blog\/#website\"},\"primaryImageOfPage\":{\"@id\":\"https:\/\/www.popularos.com\/blog\/como-excluir-o-facebook\/#primaryimage\"},\"image\":{\"@id\":\"https:\/\/www.popularos.com\/blog\/como-excluir-o-facebook\/#primaryimage\"},\"thumbnailUrl\":\"https:\/\/www.popularos.com\/blog\/wp-content\/uploads\/2024\/02\/como-desativar-e-excluir-uma-conta-do-facebook.jpg\",\"datePublished\":\"2024-03-01T13:37:42+00:00\",\"dateModified\":\"2025-08-06T09:05:40+00:00\",\"description\":\"Veja como apagar sua conta do Facebook definitivamente, baixe seus dados e entenda o que acontece ap\u00f3s a exclus\u00e3o do perfil.\",\"breadcrumb\":{\"@id\":\"https:\/\/www.popularos.com\/blog\/como-excluir-o-facebook\/#breadcrumb\"},\"inLanguage\":\"pt-BR\",\"potentialAction\":[{\"@type\":\"ReadAction\",\"target\":[\"https:\/\/www.popularos.com\/blog\/como-excluir-o-facebook\/\"]}]},{\"@type\":\"ImageObject\",\"inLanguage\":\"pt-BR\",\"@id\":\"https:\/\/www.popularos.com\/blog\/como-excluir-o-facebook\/#primaryimage\",\"url\":\"https:\/\/www.popularos.com\/blog\/wp-content\/uploads\/2024\/02\/como-desativar-e-excluir-uma-conta-do-facebook.jpg\",\"contentUrl\":\"https:\/\/www.popularos.com\/blog\/wp-content\/uploads\/2024\/02\/como-desativar-e-excluir-uma-conta-do-facebook.jpg\",\"width\":1248,\"height\":832,\"caption\":\"Como Desativar e Excluir uma Conta do Facebook?\"},{\"@type\":\"BreadcrumbList\",\"@id\":\"https:\/\/www.popularos.com\/blog\/como-excluir-o-facebook\/#breadcrumb\",\"itemListElement\":[{\"@type\":\"ListItem\",\"position\":1,\"name\":\"Home\",\"item\":\"https:\/\/www.popularos.com\/blog\/\"},{\"@type\":\"ListItem\",\"position\":2,\"name\":\"Como Excluir a Conta do Facebook Definitivamente\"}]},{\"@type\":\"WebSite\",\"@id\":\"https:\/\/www.popularos.com\/blog\/#website\",\"url\":\"https:\/\/www.popularos.com\/blog\/\",\"name\":\"Popularos\",\"description\":\"Popularos Social Blogue\",\"publisher\":{\"@id\":\"https:\/\/www.popularos.com\/blog\/#organization\"},\"potentialAction\":[{\"@type\":\"SearchAction\",\"target\":{\"@type\":\"EntryPoint\",\"urlTemplate\":\"https:\/\/www.popularos.com\/blog\/?s={search_term_string}\"},\"query-input\":{\"@type\":\"PropertyValueSpecification\",\"valueRequired\":true,\"valueName\":\"search_term_string\"}}],\"inLanguage\":\"pt-BR\"},{\"@type\":\"Organization\",\"@id\":\"https:\/\/www.popularos.com\/blog\/#organization\",\"name\":\"Popularos\",\"url\":\"https:\/\/www.popularos.com\/blog\/\",\"logo\":{\"@type\":\"ImageObject\",\"inLanguage\":\"pt-BR\",\"@id\":\"https:\/\/www.popularos.com\/blog\/#\/schema\/logo\/image\/\",\"url\":\"https:\/\/www.popularos.com\/blog\/wp-content\/uploads\/2023\/02\/popularos-logo-renkli.png\",\"contentUrl\":\"https:\/\/www.popularos.com\/blog\/wp-content\/uploads\/2023\/02\/popularos-logo-renkli.png\",\"width\":1080,\"height\":266,\"caption\":\"Popularos\"},\"image\":{\"@id\":\"https:\/\/www.popularos.com\/blog\/#\/schema\/logo\/image\/\"}},{\"@type\":\"Person\",\"@id\":\"https:\/\/www.popularos.com\/blog\/#\/schema\/person\/0bbff7489d40f8f6baf8db25335f7f4c\",\"name\":\"Bruno Ferreira\",\"image\":{\"@type\":\"ImageObject\",\"inLanguage\":\"pt-BR\",\"@id\":\"https:\/\/www.popularos.com\/blog\/#\/schema\/person\/image\/\",\"url\":\"https:\/\/secure.gravatar.com\/avatar\/873a14c9646e8615571dec12949082bebfa1c7f9de271db325604ffce4267885?s=96&d=mm&r=g\",\"contentUrl\":\"https:\/\/secure.gravatar.com\/avatar\/873a14c9646e8615571dec12949082bebfa1c7f9de271db325604ffce4267885?s=96&d=mm&r=g\",\"caption\":\"Bruno Ferreira\"},\"description\":\"Apaixonado por redes sociais e como elas conectam pessoas, Bruno Ferreira escreve sobre Instagram, Facebook e LinkedIn com leveza e clareza. Seu foco \u00e9 tornar o mundo digital mais acess\u00edvel para todos, compartilhando dicas pr\u00e1ticas, atualiza\u00e7\u00f5es importantes e truques que realmente funcionam. Gosta de explorar o comportamento online e acredita que, com o conhecimento certo, qualquer pessoa pode crescer nas redes sociais.\",\"url\":\"https:\/\/www.popularos.com\/blog\/author\/bruno-ferreira\/\"}]}<\/script>\n<!-- \/ Yoast SEO plugin. -->","yoast_head_json":{"title":"Como excluir a conta do Facebook definitivamente (passo a passo)","description":"Veja como apagar sua conta do Facebook definitivamente, baixe seus dados e entenda o que acontece ap\u00f3s a exclus\u00e3o do perfil.","robots":{"index":"index","follow":"follow","max-snippet":"max-snippet:-1","max-image-preview":"max-image-preview:large","max-video-preview":"max-video-preview:-1"},"canonical":"https:\/\/www.popularos.com\/blog\/como-excluir-o-facebook\/","og_locale":"pt_BR","og_type":"article","og_title":"Como excluir a conta do Facebook definitivamente (passo a passo)","og_description":"Veja como apagar sua conta do Facebook definitivamente, baixe seus dados e entenda o que acontece ap\u00f3s a exclus\u00e3o do perfil.","og_url":"https:\/\/www.popularos.com\/blog\/como-excluir-o-facebook\/","og_site_name":"Popularos","article_published_time":"2024-03-01T13:37:42+00:00","article_modified_time":"2025-08-06T09:05:40+00:00","og_image":[{"width":1248,"height":832,"url":"https:\/\/www.popularos.com\/blog\/wp-content\/uploads\/2024\/02\/como-desativar-e-excluir-uma-conta-do-facebook.jpg","type":"image\/jpeg"}],"author":"Bruno Ferreira","twitter_card":"summary_large_image","twitter_misc":{"Escrito por":"Bruno Ferreira","Est. tempo de leitura":"8 minutos"},"schema":{"@context":"https:\/\/schema.org","@graph":[{"@type":"Article","@id":"https:\/\/www.popularos.com\/blog\/como-excluir-o-facebook\/#article","isPartOf":{"@id":"https:\/\/www.popularos.com\/blog\/como-excluir-o-facebook\/"},"author":{"name":"Bruno Ferreira","@id":"https:\/\/www.popularos.com\/blog\/#\/schema\/person\/0bbff7489d40f8f6baf8db25335f7f4c"},"headline":"Como Excluir a Conta do Facebook Definitivamente","datePublished":"2024-03-01T13:37:42+00:00","dateModified":"2025-08-06T09:05:40+00:00","mainEntityOfPage":{"@id":"https:\/\/www.popularos.com\/blog\/como-excluir-o-facebook\/"},"wordCount":1456,"commentCount":0,"publisher":{"@id":"https:\/\/www.popularos.com\/blog\/#organization"},"image":{"@id":"https:\/\/www.popularos.com\/blog\/como-excluir-o-facebook\/#primaryimage"},"thumbnailUrl":"https:\/\/www.popularos.com\/blog\/wp-content\/uploads\/2024\/02\/como-desativar-e-excluir-uma-conta-do-facebook.jpg","articleSection":["Suporte do Facebook"],"inLanguage":"pt-BR","potentialAction":[{"@type":"CommentAction","name":"Comment","target":["https:\/\/www.popularos.com\/blog\/como-excluir-o-facebook\/#respond"]}]},{"@type":"WebPage","@id":"https:\/\/www.popularos.com\/blog\/como-excluir-o-facebook\/","url":"https:\/\/www.popularos.com\/blog\/como-excluir-o-facebook\/","name":"Como excluir a conta do Facebook definitivamente (passo a passo)","isPartOf":{"@id":"https:\/\/www.popularos.com\/blog\/#website"},"primaryImageOfPage":{"@id":"https:\/\/www.popularos.com\/blog\/como-excluir-o-facebook\/#primaryimage"},"image":{"@id":"https:\/\/www.popularos.com\/blog\/como-excluir-o-facebook\/#primaryimage"},"thumbnailUrl":"https:\/\/www.popularos.com\/blog\/wp-content\/uploads\/2024\/02\/como-desativar-e-excluir-uma-conta-do-facebook.jpg","datePublished":"2024-03-01T13:37:42+00:00","dateModified":"2025-08-06T09:05:40+00:00","description":"Veja como apagar sua conta do Facebook definitivamente, baixe seus dados e entenda o que acontece ap\u00f3s a exclus\u00e3o do perfil.","breadcrumb":{"@id":"https:\/\/www.popularos.com\/blog\/como-excluir-o-facebook\/#breadcrumb"},"inLanguage":"pt-BR","potentialAction":[{"@type":"ReadAction","target":["https:\/\/www.popularos.com\/blog\/como-excluir-o-facebook\/"]}]},{"@type":"ImageObject","inLanguage":"pt-BR","@id":"https:\/\/www.popularos.com\/blog\/como-excluir-o-facebook\/#primaryimage","url":"https:\/\/www.popularos.com\/blog\/wp-content\/uploads\/2024\/02\/como-desativar-e-excluir-uma-conta-do-facebook.jpg","contentUrl":"https:\/\/www.popularos.com\/blog\/wp-content\/uploads\/2024\/02\/como-desativar-e-excluir-uma-conta-do-facebook.jpg","width":1248,"height":832,"caption":"Como Desativar e Excluir uma Conta do Facebook?"},{"@type":"BreadcrumbList","@id":"https:\/\/www.popularos.com\/blog\/como-excluir-o-facebook\/#breadcrumb","itemListElement":[{"@type":"ListItem","position":1,"name":"Home","item":"https:\/\/www.popularos.com\/blog\/"},{"@type":"ListItem","position":2,"name":"Como Excluir a Conta do Facebook Definitivamente"}]},{"@type":"WebSite","@id":"https:\/\/www.popularos.com\/blog\/#website","url":"https:\/\/www.popularos.com\/blog\/","name":"Popularos","description":"Popularos Social Blogue","publisher":{"@id":"https:\/\/www.popularos.com\/blog\/#organization"},"potentialAction":[{"@type":"SearchAction","target":{"@type":"EntryPoint","urlTemplate":"https:\/\/www.popularos.com\/blog\/?s={search_term_string}"},"query-input":{"@type":"PropertyValueSpecification","valueRequired":true,"valueName":"search_term_string"}}],"inLanguage":"pt-BR"},{"@type":"Organization","@id":"https:\/\/www.popularos.com\/blog\/#organization","name":"Popularos","url":"https:\/\/www.popularos.com\/blog\/","logo":{"@type":"ImageObject","inLanguage":"pt-BR","@id":"https:\/\/www.popularos.com\/blog\/#\/schema\/logo\/image\/","url":"https:\/\/www.popularos.com\/blog\/wp-content\/uploads\/2023\/02\/popularos-logo-renkli.png","contentUrl":"https:\/\/www.popularos.com\/blog\/wp-content\/uploads\/2023\/02\/popularos-logo-renkli.png","width":1080,"height":266,"caption":"Popularos"},"image":{"@id":"https:\/\/www.popularos.com\/blog\/#\/schema\/logo\/image\/"}},{"@type":"Person","@id":"https:\/\/www.popularos.com\/blog\/#\/schema\/person\/0bbff7489d40f8f6baf8db25335f7f4c","name":"Bruno Ferreira","image":{"@type":"ImageObject","inLanguage":"pt-BR","@id":"https:\/\/www.popularos.com\/blog\/#\/schema\/person\/image\/","url":"https:\/\/secure.gravatar.com\/avatar\/873a14c9646e8615571dec12949082bebfa1c7f9de271db325604ffce4267885?s=96&d=mm&r=g","contentUrl":"https:\/\/secure.gravatar.com\/avatar\/873a14c9646e8615571dec12949082bebfa1c7f9de271db325604ffce4267885?s=96&d=mm&r=g","caption":"Bruno Ferreira"},"description":"Apaixonado por redes sociais e como elas conectam pessoas, Bruno Ferreira escreve sobre Instagram, Facebook e LinkedIn com leveza e clareza. Seu foco \u00e9 tornar o mundo digital mais acess\u00edvel para todos, compartilhando dicas pr\u00e1ticas, atualiza\u00e7\u00f5es importantes e truques que realmente funcionam. Gosta de explorar o comportamento online e acredita que, com o conhecimento certo, qualquer pessoa pode crescer nas redes sociais.","url":"https:\/\/www.popularos.com\/blog\/author\/bruno-ferreira\/"}]}},"_links":{"self":[{"href":"https:\/\/www.popularos.com\/blog\/wp-json\/wp\/v2\/posts\/506","targetHints":{"allow":["GET"]}}],"collection":[{"href":"https:\/\/www.popularos.com\/blog\/wp-json\/wp\/v2\/posts"}],"about":[{"href":"https:\/\/www.popularos.com\/blog\/wp-json\/wp\/v2\/types\/post"}],"author":[{"embeddable":true,"href":"https:\/\/www.popularos.com\/blog\/wp-json\/wp\/v2\/users\/5"}],"replies":[{"embeddable":true,"href":"https:\/\/www.popularos.com\/blog\/wp-json\/wp\/v2\/comments?post=506"}],"version-history":[{"count":6,"href":"https:\/\/www.popularos.com\/blog\/wp-json\/wp\/v2\/posts\/506\/revisions"}],"predecessor-version":[{"id":1030,"href":"https:\/\/www.popularos.com\/blog\/wp-json\/wp\/v2\/posts\/506\/revisions\/1030"}],"wp:featuredmedia":[{"embeddable":true,"href":"https:\/\/www.popularos.com\/blog\/wp-json\/wp\/v2\/media\/517"}],"wp:attachment":[{"href":"https:\/\/www.popularos.com\/blog\/wp-json\/wp\/v2\/media?parent=506"}],"wp:term":[{"taxonomy":"category","embeddable":true,"href":"https:\/\/www.popularos.com\/blog\/wp-json\/wp\/v2\/categories?post=506"},{"taxonomy":"post_tag","embeddable":true,"href":"https:\/\/www.popularos.com\/blog\/wp-json\/wp\/v2\/tags?post=506"}],"curies":[{"name":"wp","href":"https:\/\/api.w.org\/{rel}","templated":true}]}}